{"id":2546,"date":"2020-03-01T12:13:59","date_gmt":"2020-03-01T11:13:59","guid":{"rendered":"https:\/\/www.sternenfee-kita.de\/2020\/03\/01\/ich-kann-kochen\/"},"modified":"2021-10-26T11:10:34","modified_gmt":"2021-10-26T09:10:34","slug":"ich-kann-kochen","status":"publish","type":"post","link":"https:\/\/www.sternenfee-kita.de\/es\/2020\/03\/01\/ich-kann-kochen\/","title":{"rendered":"\u00a1S\u00e9 cocinar! \u00a1Estamos a bordo!"},"content":{"rendered":"<p><img decoding=\"async\" class=\"alignnone size-full wp-image-2271\" src=\"https:\/\/www.sternenfee-kita.de\/wp-content\/uploads\/2020\/03\/IchKannKochen.png\" alt=\"\" width=\"279\" height=\"234\" \/><img decoding=\"async\" class=\"alignnone size-medium wp-image-2270\" src=\"https:\/\/www.sternenfee-kita.de\/wp-content\/uploads\/2020\/03\/Barmer-300x80.png\" alt=\"\" width=\"300\" height=\"80\" srcset=\"https:\/\/www.sternenfee-kita.de\/wp-content\/uploads\/2020\/03\/Barmer-300x80.png 300w, https:\/\/www.sternenfee-kita.de\/wp-content\/uploads\/2020\/03\/Barmer.png 358w\" sizes=\"(max-width: 300px) 100vw, 300px\" \/><\/p>\n<p>La mayor iniciativa alemana de educaci\u00f3n nutricional pr\u00e1ctica, la iniciativa conjunta de la Fundaci\u00f3n Sarah Wiener y BARMER, pretende que los ni\u00f1os se interesen por la nutrici\u00f3n equilibrada lo antes posible.<\/p>\n<p>\u00a1Nuestra educadora, que tambi\u00e9n es cocinera de formaci\u00f3n, ha participado en un curso de formaci\u00f3n Ich kann kochen!<br \/>\nQueremos que nuestros hijos se entusiasmen con la cocina y con una dieta equilibrada. Cocinar juntos transmite conocimientos nutricionales y promueve eficazmente la salud de los ni\u00f1os. A trav\u00e9s de su propia experiencia culinaria y cocinando junto a los profesores, los ni\u00f1os adquieren conocimientos duraderos sobre nutrici\u00f3n y promueven eficazmente su salud.<\/p>\n<p>\u00a1Cocinar es divertido y tiene sentido! La diversi\u00f3n, el disfrute y el enfoque en la aplicaci\u00f3n concreta con los ni\u00f1os son el centro de atenci\u00f3n. Trabajar con un cuchillo y una tabla de cortar hace que preparar la comida sea toda una experiencia. Comer juntos es la recompensa al trabajo que supone la preparaci\u00f3n de la comida, porque los ni\u00f1os tambi\u00e9n deben experimentarlo. Pero tambi\u00e9n se ense\u00f1an aqu\u00ed, de paso, los conocimientos sobre las verduras y frutas saludables y lo que se puede preparar con los alimentos frescos.<br \/>\nAdem\u00e1s del origen de los alimentos, la cultura de la mesa y la conciencia corporal tambi\u00e9n forman parte del contenido de la cocina conjunta. Puede encontrar m\u00e1s informaci\u00f3n en el sitio web <a href=\"https:\/\/ichkannkochen.de\/\" target=\"_blank\" rel=\"noopener noreferrer\">https:\/\/ichkannkochen.de\/<\/a><\/p>\n","protected":false},"excerpt":{"rendered":"<p>La mayor iniciativa alemana de educaci\u00f3n nutricional pr\u00e1ctica, la iniciativa conjunta de la Fundaci\u00f3n Sarah Wiener y BARMER, pretende que los ni\u00f1os se interesen por la nutrici\u00f3n equilibrada lo antes posible. \u00a1Nuestra educadora, que tambi\u00e9n es cocinera de formaci\u00f3n, ha participado en un curso de formaci\u00f3n Ich kann kochen! Queremos que nuestros hijos se entusiasmen [&hellip;]<\/p>\n","protected":false},"author":9,"featured_media":0,"comment_status":"closed","ping_status":"closed","sticky":false,"template":"","format":"standard","meta":[],"categories":[11],"tags":[],"yoast_head":"<!-- This site is optimized with the Yoast SEO plugin v20.3 - https:\/\/yoast.com\/wordpress\/plugins\/seo\/ -->\n<title>\u00a1S\u00e9 cocinar! \u00a1Estamos a bordo! - Kita Sternenfee<\/title>\n<meta name=\"robots\" content=\"index, follow, max-snippet:-1, max-image-preview:large, max-video-preview:-1\" \/>\n<link rel=\"canonical\" href=\"https:\/\/www.sternenfee-kita.de\/es\/2020\/03\/01\/ich-kann-kochen\/\" \/>\n<meta property=\"og:locale\" content=\"es_ES\" \/>\n<meta property=\"og:type\" content=\"article\" \/>\n<meta property=\"og:title\" content=\"\u00a1S\u00e9 cocinar! \u00a1Estamos a bordo! - Kita Sternenfee\" \/>\n<meta property=\"og:description\" content=\"La mayor iniciativa alemana de educaci\u00f3n nutricional pr\u00e1ctica, la iniciativa conjunta de la Fundaci\u00f3n Sarah Wiener y BARMER, pretende que los ni\u00f1os se interesen por la nutrici\u00f3n equilibrada lo antes posible. \u00a1Nuestra educadora, que tambi\u00e9n es cocinera de formaci\u00f3n, ha participado en un curso de formaci\u00f3n Ich kann kochen! Queremos que nuestros hijos se entusiasmen [&hellip;]\" \/>\n<meta property=\"og:url\" content=\"https:\/\/www.sternenfee-kita.de\/es\/2020\/03\/01\/ich-kann-kochen\/\" \/>\n<meta property=\"og:site_name\" content=\"Kita Sternenfee\" \/>\n<meta property=\"article:published_time\" content=\"2020-03-01T11:13:59+00:00\" \/>\n<meta property=\"article:modified_time\" content=\"2021-10-26T09:10:34+00:00\" \/>\n<meta property=\"og:image\" content=\"https:\/\/www.sternenfee-kita.de\/wp-content\/uploads\/2020\/03\/IchKannKochen.png\" \/>\n<meta name=\"author\" content=\"Maria Dietl\" \/>\n<meta name=\"twitter:card\" content=\"summary_large_image\" \/>\n<meta name=\"twitter:label1\" content=\"Escrito por\" \/>\n\t<meta name=\"twitter:data1\" content=\"Maria Dietl\" \/>\n\t<meta name=\"twitter:label2\" content=\"Tiempo de lectura\" \/>\n\t<meta name=\"twitter:data2\" content=\"1 minuto\" \/>\n<script type=\"application\/ld+json\" class=\"yoast-schema-graph\">{\"@context\":\"https:\/\/schema.org\",\"@graph\":[{\"@type\":\"WebPage\",\"@id\":\"https:\/\/www.sternenfee-kita.de\/es\/2020\/03\/01\/ich-kann-kochen\/\",\"url\":\"https:\/\/www.sternenfee-kita.de\/es\/2020\/03\/01\/ich-kann-kochen\/\",\"name\":\"\u00a1S\u00e9 cocinar! \u00a1Estamos a bordo! - Kita Sternenfee\",\"isPartOf\":{\"@id\":\"https:\/\/www.sternenfee-kita.de\/#website\"},\"datePublished\":\"2020-03-01T11:13:59+00:00\",\"dateModified\":\"2021-10-26T09:10:34+00:00\",\"author\":{\"@id\":\"https:\/\/www.sternenfee-kita.de\/#\/schema\/person\/5c003d5235f4ed4f428fe49d91fcfbb3\"},\"breadcrumb\":{\"@id\":\"https:\/\/www.sternenfee-kita.de\/es\/2020\/03\/01\/ich-kann-kochen\/#breadcrumb\"},\"inLanguage\":\"es\",\"potentialAction\":[{\"@type\":\"ReadAction\",\"target\":[\"https:\/\/www.sternenfee-kita.de\/es\/2020\/03\/01\/ich-kann-kochen\/\"]}]},{\"@type\":\"BreadcrumbList\",\"@id\":\"https:\/\/www.sternenfee-kita.de\/es\/2020\/03\/01\/ich-kann-kochen\/#breadcrumb\",\"itemListElement\":[{\"@type\":\"ListItem\",\"position\":1,\"name\":\"Startseite\",\"item\":\"https:\/\/www.sternenfee-kita.de\/es\/\"},{\"@type\":\"ListItem\",\"position\":2,\"name\":\"\u00a1S\u00e9 cocinar! \u00a1Estamos a bordo!\"}]},{\"@type\":\"WebSite\",\"@id\":\"https:\/\/www.sternenfee-kita.de\/#website\",\"url\":\"https:\/\/www.sternenfee-kita.de\/\",\"name\":\"Kita Sternenfee\",\"description\":\"in M\u00fcnchen\",\"potentialAction\":[{\"@type\":\"SearchAction\",\"target\":{\"@type\":\"EntryPoint\",\"urlTemplate\":\"https:\/\/www.sternenfee-kita.de\/?s={search_term_string}\"},\"query-input\":\"required name=search_term_string\"}],\"inLanguage\":\"es\"},{\"@type\":\"Person\",\"@id\":\"https:\/\/www.sternenfee-kita.de\/#\/schema\/person\/5c003d5235f4ed4f428fe49d91fcfbb3\",\"name\":\"Maria Dietl\",\"image\":{\"@type\":\"ImageObject\",\"inLanguage\":\"es\",\"@id\":\"https:\/\/www.sternenfee-kita.de\/#\/schema\/person\/image\/\",\"url\":\"https:\/\/secure.gravatar.com\/avatar\/2e7602e4e8c7a31b76cdc23f4f400117?s=96&d=mm&r=g\",\"contentUrl\":\"https:\/\/secure.gravatar.com\/avatar\/2e7602e4e8c7a31b76cdc23f4f400117?s=96&d=mm&r=g\",\"caption\":\"Maria Dietl\"},\"url\":\"https:\/\/www.sternenfee-kita.de\/es\/author\/m-dietl\/\"}]}<\/script>\n<!-- \/ Yoast SEO plugin. -->","yoast_head_json":{"title":"\u00a1S\u00e9 cocinar! \u00a1Estamos a bordo! - Kita Sternenfee","robots":{"index":"index","follow":"follow","max-snippet":"max-snippet:-1","max-image-preview":"max-image-preview:large","max-video-preview":"max-video-preview:-1"},"canonical":"https:\/\/www.sternenfee-kita.de\/es\/2020\/03\/01\/ich-kann-kochen\/","og_locale":"es_ES","og_type":"article","og_title":"\u00a1S\u00e9 cocinar! \u00a1Estamos a bordo! - Kita Sternenfee","og_description":"La mayor iniciativa alemana de educaci\u00f3n nutricional pr\u00e1ctica, la iniciativa conjunta de la Fundaci\u00f3n Sarah Wiener y BARMER, pretende que los ni\u00f1os se interesen por la nutrici\u00f3n equilibrada lo antes posible. \u00a1Nuestra educadora, que tambi\u00e9n es cocinera de formaci\u00f3n, ha participado en un curso de formaci\u00f3n Ich kann kochen! Queremos que nuestros hijos se entusiasmen [&hellip;]","og_url":"https:\/\/www.sternenfee-kita.de\/es\/2020\/03\/01\/ich-kann-kochen\/","og_site_name":"Kita Sternenfee","article_published_time":"2020-03-01T11:13:59+00:00","article_modified_time":"2021-10-26T09:10:34+00:00","og_image":[{"url":"https:\/\/www.sternenfee-kita.de\/wp-content\/uploads\/2020\/03\/IchKannKochen.png"}],"author":"Maria Dietl","twitter_card":"summary_large_image","twitter_misc":{"Escrito por":"Maria Dietl","Tiempo de lectura":"1 minuto"},"schema":{"@context":"https:\/\/schema.org","@graph":[{"@type":"WebPage","@id":"https:\/\/www.sternenfee-kita.de\/es\/2020\/03\/01\/ich-kann-kochen\/","url":"https:\/\/www.sternenfee-kita.de\/es\/2020\/03\/01\/ich-kann-kochen\/","name":"\u00a1S\u00e9 cocinar! \u00a1Estamos a bordo! - Kita Sternenfee","isPartOf":{"@id":"https:\/\/www.sternenfee-kita.de\/#website"},"datePublished":"2020-03-01T11:13:59+00:00","dateModified":"2021-10-26T09:10:34+00:00","author":{"@id":"https:\/\/www.sternenfee-kita.de\/#\/schema\/person\/5c003d5235f4ed4f428fe49d91fcfbb3"},"breadcrumb":{"@id":"https:\/\/www.sternenfee-kita.de\/es\/2020\/03\/01\/ich-kann-kochen\/#breadcrumb"},"inLanguage":"es","potentialAction":[{"@type":"ReadAction","target":["https:\/\/www.sternenfee-kita.de\/es\/2020\/03\/01\/ich-kann-kochen\/"]}]},{"@type":"BreadcrumbList","@id":"https:\/\/www.sternenfee-kita.de\/es\/2020\/03\/01\/ich-kann-kochen\/#breadcrumb","itemListElement":[{"@type":"ListItem","position":1,"name":"Startseite","item":"https:\/\/www.sternenfee-kita.de\/es\/"},{"@type":"ListItem","position":2,"name":"\u00a1S\u00e9 cocinar! \u00a1Estamos a bordo!"}]},{"@type":"WebSite","@id":"https:\/\/www.sternenfee-kita.de\/#website","url":"https:\/\/www.sternenfee-kita.de\/","name":"Kita Sternenfee","description":"in M\u00fcnchen","potentialAction":[{"@type":"SearchAction","target":{"@type":"EntryPoint","urlTemplate":"https:\/\/www.sternenfee-kita.de\/?s={search_term_string}"},"query-input":"required name=search_term_string"}],"inLanguage":"es"},{"@type":"Person","@id":"https:\/\/www.sternenfee-kita.de\/#\/schema\/person\/5c003d5235f4ed4f428fe49d91fcfbb3","name":"Maria Dietl","image":{"@type":"ImageObject","inLanguage":"es","@id":"https:\/\/www.sternenfee-kita.de\/#\/schema\/person\/image\/","url":"https:\/\/secure.gravatar.com\/avatar\/2e7602e4e8c7a31b76cdc23f4f400117?s=96&d=mm&r=g","contentUrl":"https:\/\/secure.gravatar.com\/avatar\/2e7602e4e8c7a31b76cdc23f4f400117?s=96&d=mm&r=g","caption":"Maria Dietl"},"url":"https:\/\/www.sternenfee-kita.de\/es\/author\/m-dietl\/"}]}},"_links":{"self":[{"href":"https:\/\/www.sternenfee-kita.de\/es\/wp-json\/wp\/v2\/posts\/2546"}],"collection":[{"href":"https:\/\/www.sternenfee-kita.de\/es\/wp-json\/wp\/v2\/posts"}],"about":[{"href":"https:\/\/www.sternenfee-kita.de\/es\/wp-json\/wp\/v2\/types\/post"}],"author":[{"embeddable":true,"href":"https:\/\/www.sternenfee-kita.de\/es\/wp-json\/wp\/v2\/users\/9"}],"replies":[{"embeddable":true,"href":"https:\/\/www.sternenfee-kita.de\/es\/wp-json\/wp\/v2\/comments?post=2546"}],"version-history":[{"count":1,"href":"https:\/\/www.sternenfee-kita.de\/es\/wp-json\/wp\/v2\/posts\/2546\/revisions"}],"predecessor-version":[{"id":2548,"href":"https:\/\/www.sternenfee-kita.de\/es\/wp-json\/wp\/v2\/posts\/2546\/revisions\/2548"}],"wp:attachment":[{"href":"https:\/\/www.sternenfee-kita.de\/es\/wp-json\/wp\/v2\/media?parent=2546"}],"wp:term":[{"taxonomy":"category","embeddable":true,"href":"https:\/\/www.sternenfee-kita.de\/es\/wp-json\/wp\/v2\/categories?post=2546"},{"taxonomy":"post_tag","embeddable":true,"href":"https:\/\/www.sternenfee-kita.de\/es\/wp-json\/wp\/v2\/tags?post=2546"}],"curies":[{"name":"wp","href":"https:\/\/api.w.org\/{rel}","templated":true}]}}